{"id":10237,"date":"2017-05-05T09:04:07","date_gmt":"2017-05-05T07:04:07","guid":{"rendered":"http:\/\/s626116206.mialojamiento.es\/aotero\/?p=10237"},"modified":"2019-12-04T04:18:42","modified_gmt":"2019-12-04T03:18:42","slug":"recuerdos-hechos-vino-anibal-de-otero-2015","status":"publish","type":"post","link":"https:\/\/anibaldeotero.es\/de\/recuerdos-hechos-vino-anibal-de-otero-2015\/","title":{"rendered":"Recuerdos hechos vino, An\u00edbal de Otero 2015"},"content":{"rendered":"<p><strong>FUENTE:&nbsp;<a href=\"http:\/\/elviajero.elpais.com\/elviajero\/2017\/05\/04\/actualidad\/1493896494_735030.html\">EL PA\u00cdS<\/a><\/strong><\/p>\n\n\n\n<p>Die Tatsache, dass Elva Garc\u00eda Amigo ihre Weinkellerei Hija de An\u00edbal (Tochter von An\u00edbal) genannt hat, ist eine Grundsatzerkl\u00e4rung, eine Manifestation von Demut und eine Demonstration von Kinderliebe, grundlegende Bestandteile, um die liebenswerte Qualit\u00e4t und den tiefen Atem dieses Weins zu verstehen.<\/p>\n\n\n\n<p>La otra es que, junto a sus cepas centenarias de la Menc\u00eda, algunas cultivadas ya por su bisabuelo en Otero, una de las zonas del Bierzo con mayores posibilidades vitivin\u00edcolas, cuenten con la asesor\u00eda maestra de Pepe Hidalgo, profesor y en\u00f3logo que es en s\u00ed mismo una garant\u00eda de calidad a la hora de la elaboraci\u00f3n. En resumen, frente a tanto marketing hoy imperante, materia prima, honestidad, sentimientos y ciencia son los ingredientes de la f\u00f3rmula magistral con la que Elva ha conseguido un tinto barrica (seis meses en roble franc\u00e9s) que en su actualidad parece haber congelado el tiempo.<\/p>\n\n\n\n<p>Porque su aroma, de intensa expresi\u00f3n varietal, con el contraluz de la fruta rojo-negra y la flor violeta, se ofrece limpio de arrogancias, cautivador en su integridad, festivo en el juego del lenguaje de las fr\u00edas especias, las secas hierbas de prado y el c\u00e1lido recuerdo de la tierra. Potente, fresco, goloso y equilibrado, es el recuerdo hecho vino de una infancia entre vi\u00f1edos, mientras el padre gu\u00eda los bueyes entre las agradecidas vides.<\/p>","protected":false},"excerpt":{"rendered":"<p>FUENTE:&nbsp;EL PA\u00cdS Que Elva Garc\u00eda Amigo le haya puesto a su bodega el nombre de Hija de An\u00edbal es toda una declaraci\u00f3n de principios, una manifestaci\u00f3n de humildad y una muestra de amor filial, ingredientes fundamentales para entender la entra\u00f1able calidad y el hondo aliento de este vino. La otra es que, junto a sus [&hellip;]<\/p>","protected":false},"author":1,"featured_media":10238,"comment_status":"open","ping_status":"open","sticky":false,"template":"","format":"standard","meta":{"footnotes":""},"categories":[82,81],"tags":[71,73,70,75],"yoast_head":"<!-- This site is optimized with the Yoast SEO plugin v22.3 - https:\/\/yoast.com\/wordpress\/plugins\/seo\/ -->\n<title>Recuerdos hechos vino, An\u00edbal de Otero 2015 - An\u00edbal de Otero<\/title>\n<meta name=\"robots\" content=\"index, follow, max-snippet:-1, max-image-preview:large, max-video-preview:-1\" \/>\n<link rel=\"canonical\" href=\"https:\/\/anibaldeotero.es\/de\/recuerdos-hechos-vino-anibal-de-otero-2015\/\" \/>\n<meta property=\"og:locale\" content=\"de_DE\" \/>\n<meta property=\"og:type\" content=\"article\" \/>\n<meta property=\"og:title\" content=\"Recuerdos hechos vino, An\u00edbal de Otero 2015 - An\u00edbal de Otero\" \/>\n<meta property=\"og:description\" content=\"FUENTE:&nbsp;EL PA\u00cdS Que Elva Garc\u00eda Amigo le haya puesto a su bodega el nombre de Hija de An\u00edbal es toda una declaraci\u00f3n de principios, una manifestaci\u00f3n de humildad y una muestra de amor filial, ingredientes fundamentales para entender la entra\u00f1able calidad y el hondo aliento de este vino. La otra es que, junto a sus [&hellip;]\" \/>\n<meta property=\"og:url\" content=\"https:\/\/anibaldeotero.es\/de\/recuerdos-hechos-vino-anibal-de-otero-2015\/\" \/>\n<meta property=\"og:site_name\" content=\"An\u00edbal de Otero\" \/>\n<meta property=\"article:published_time\" content=\"2017-05-05T07:04:07+00:00\" \/>\n<meta property=\"article:modified_time\" content=\"2019-12-04T03:18:42+00:00\" \/>\n<meta property=\"og:image\" content=\"https:\/\/anibaldeotero.es\/wp-content\/uploads\/2019\/07\/Recuerdos_Vino_Anibaldeotero.jpg\" \/>\n\t<meta property=\"og:image:width\" content=\"1960\" \/>\n\t<meta property=\"og:image:height\" content=\"1301\" \/>\n\t<meta property=\"og:image:type\" content=\"image\/jpeg\" \/>\n<meta name=\"author\" content=\"Anibaldeotero\" \/>\n<meta name=\"twitter:card\" content=\"summary_large_image\" \/>\n<meta name=\"twitter:label1\" content=\"Verfasst von\" \/>\n\t<meta name=\"twitter:data1\" content=\"Anibaldeotero\" \/>\n\t<meta name=\"twitter:label2\" content=\"Gesch\u00e4tzte Lesezeit\" \/>\n\t<meta name=\"twitter:data2\" content=\"1\u00a0Minute\" \/>\n<script type=\"application\/ld+json\" class=\"yoast-schema-graph\">{\"@context\":\"https:\/\/schema.org\",\"@graph\":[{\"@type\":\"WebPage\",\"@id\":\"https:\/\/anibaldeotero.es\/recuerdos-hechos-vino-anibal-de-otero-2015\/\",\"url\":\"https:\/\/anibaldeotero.es\/recuerdos-hechos-vino-anibal-de-otero-2015\/\",\"name\":\"Recuerdos hechos vino, An\u00edbal de Otero 2015 - An\u00edbal de Otero\",\"isPartOf\":{\"@id\":\"https:\/\/anibaldeotero.es\/de\/#website\"},\"primaryImageOfPage\":{\"@id\":\"https:\/\/anibaldeotero.es\/recuerdos-hechos-vino-anibal-de-otero-2015\/#primaryimage\"},\"image\":{\"@id\":\"https:\/\/anibaldeotero.es\/recuerdos-hechos-vino-anibal-de-otero-2015\/#primaryimage\"},\"thumbnailUrl\":\"https:\/\/anibaldeotero.es\/wp-content\/uploads\/2019\/07\/Recuerdos_Vino_Anibaldeotero.jpg\",\"datePublished\":\"2017-05-05T07:04:07+00:00\",\"dateModified\":\"2019-12-04T03:18:42+00:00\",\"author\":{\"@id\":\"https:\/\/anibaldeotero.es\/de\/#\/schema\/person\/a10ffd7509d22816c9c87e91dfaeec4d\"},\"breadcrumb\":{\"@id\":\"https:\/\/anibaldeotero.es\/recuerdos-hechos-vino-anibal-de-otero-2015\/#breadcrumb\"},\"inLanguage\":\"de\",\"potentialAction\":[{\"@type\":\"ReadAction\",\"target\":[\"https:\/\/anibaldeotero.es\/recuerdos-hechos-vino-anibal-de-otero-2015\/\"]}]},{\"@type\":\"ImageObject\",\"inLanguage\":\"de\",\"@id\":\"https:\/\/anibaldeotero.es\/recuerdos-hechos-vino-anibal-de-otero-2015\/#primaryimage\",\"url\":\"https:\/\/anibaldeotero.es\/wp-content\/uploads\/2019\/07\/Recuerdos_Vino_Anibaldeotero.jpg\",\"contentUrl\":\"https:\/\/anibaldeotero.es\/wp-content\/uploads\/2019\/07\/Recuerdos_Vino_Anibaldeotero.jpg\",\"width\":1960,\"height\":1301},{\"@type\":\"BreadcrumbList\",\"@id\":\"https:\/\/anibaldeotero.es\/recuerdos-hechos-vino-anibal-de-otero-2015\/#breadcrumb\",\"itemListElement\":[{\"@type\":\"ListItem\",\"position\":1,\"name\":\"Portada\",\"item\":\"https:\/\/anibaldeotero.es\/\"},{\"@type\":\"ListItem\",\"position\":2,\"name\":\"Recuerdos hechos vino, An\u00edbal de Otero 2015\"}]},{\"@type\":\"WebSite\",\"@id\":\"https:\/\/anibaldeotero.es\/de\/#website\",\"url\":\"https:\/\/anibaldeotero.es\/de\/\",\"name\":\"An\u00edbal de Otero\",\"description\":\"Aut\u00e9ntico Vino del Bierzo\",\"potentialAction\":[{\"@type\":\"SearchAction\",\"target\":{\"@type\":\"EntryPoint\",\"urlTemplate\":\"https:\/\/anibaldeotero.es\/de\/?s={search_term_string}\"},\"query-input\":\"required name=search_term_string\"}],\"inLanguage\":\"de\"},{\"@type\":\"Person\",\"@id\":\"https:\/\/anibaldeotero.es\/de\/#\/schema\/person\/a10ffd7509d22816c9c87e91dfaeec4d\",\"name\":\"Anibaldeotero\",\"image\":{\"@type\":\"ImageObject\",\"inLanguage\":\"de\",\"@id\":\"https:\/\/anibaldeotero.es\/de\/#\/schema\/person\/image\/\",\"url\":\"https:\/\/secure.gravatar.com\/avatar\/b5e81a10a96569c3c683ec76ceadfd1b?s=96&d=mm&r=g\",\"contentUrl\":\"https:\/\/secure.gravatar.com\/avatar\/b5e81a10a96569c3c683ec76ceadfd1b?s=96&d=mm&r=g\",\"caption\":\"Anibaldeotero\"},\"url\":\"https:\/\/anibaldeotero.es\/de\/author\/anibaldeotero\/\"}]}<\/script>\n<!-- \/ Yoast SEO plugin. -->","yoast_head_json":{"title":"Recuerdos hechos vino, An\u00edbal de Otero 2015 - An\u00edbal de Otero","robots":{"index":"index","follow":"follow","max-snippet":"max-snippet:-1","max-image-preview":"max-image-preview:large","max-video-preview":"max-video-preview:-1"},"canonical":"https:\/\/anibaldeotero.es\/de\/recuerdos-hechos-vino-anibal-de-otero-2015\/","og_locale":"de_DE","og_type":"article","og_title":"Recuerdos hechos vino, An\u00edbal de Otero 2015 - An\u00edbal de Otero","og_description":"FUENTE:&nbsp;EL PA\u00cdS Que Elva Garc\u00eda Amigo le haya puesto a su bodega el nombre de Hija de An\u00edbal es toda una declaraci\u00f3n de principios, una manifestaci\u00f3n de humildad y una muestra de amor filial, ingredientes fundamentales para entender la entra\u00f1able calidad y el hondo aliento de este vino. La otra es que, junto a sus [&hellip;]","og_url":"https:\/\/anibaldeotero.es\/de\/recuerdos-hechos-vino-anibal-de-otero-2015\/","og_site_name":"An\u00edbal de Otero","article_published_time":"2017-05-05T07:04:07+00:00","article_modified_time":"2019-12-04T03:18:42+00:00","og_image":[{"width":1960,"height":1301,"url":"https:\/\/anibaldeotero.es\/wp-content\/uploads\/2019\/07\/Recuerdos_Vino_Anibaldeotero.jpg","type":"image\/jpeg"}],"author":"Anibaldeotero","twitter_card":"summary_large_image","twitter_misc":{"Verfasst von":"Anibaldeotero","Gesch\u00e4tzte Lesezeit":"1\u00a0Minute"},"schema":{"@context":"https:\/\/schema.org","@graph":[{"@type":"WebPage","@id":"https:\/\/anibaldeotero.es\/recuerdos-hechos-vino-anibal-de-otero-2015\/","url":"https:\/\/anibaldeotero.es\/recuerdos-hechos-vino-anibal-de-otero-2015\/","name":"Recuerdos hechos vino, An\u00edbal de Otero 2015 - An\u00edbal de Otero","isPartOf":{"@id":"https:\/\/anibaldeotero.es\/de\/#website"},"primaryImageOfPage":{"@id":"https:\/\/anibaldeotero.es\/recuerdos-hechos-vino-anibal-de-otero-2015\/#primaryimage"},"image":{"@id":"https:\/\/anibaldeotero.es\/recuerdos-hechos-vino-anibal-de-otero-2015\/#primaryimage"},"thumbnailUrl":"https:\/\/anibaldeotero.es\/wp-content\/uploads\/2019\/07\/Recuerdos_Vino_Anibaldeotero.jpg","datePublished":"2017-05-05T07:04:07+00:00","dateModified":"2019-12-04T03:18:42+00:00","author":{"@id":"https:\/\/anibaldeotero.es\/de\/#\/schema\/person\/a10ffd7509d22816c9c87e91dfaeec4d"},"breadcrumb":{"@id":"https:\/\/anibaldeotero.es\/recuerdos-hechos-vino-anibal-de-otero-2015\/#breadcrumb"},"inLanguage":"de","potentialAction":[{"@type":"ReadAction","target":["https:\/\/anibaldeotero.es\/recuerdos-hechos-vino-anibal-de-otero-2015\/"]}]},{"@type":"ImageObject","inLanguage":"de","@id":"https:\/\/anibaldeotero.es\/recuerdos-hechos-vino-anibal-de-otero-2015\/#primaryimage","url":"https:\/\/anibaldeotero.es\/wp-content\/uploads\/2019\/07\/Recuerdos_Vino_Anibaldeotero.jpg","contentUrl":"https:\/\/anibaldeotero.es\/wp-content\/uploads\/2019\/07\/Recuerdos_Vino_Anibaldeotero.jpg","width":1960,"height":1301},{"@type":"BreadcrumbList","@id":"https:\/\/anibaldeotero.es\/recuerdos-hechos-vino-anibal-de-otero-2015\/#breadcrumb","itemListElement":[{"@type":"ListItem","position":1,"name":"Portada","item":"https:\/\/anibaldeotero.es\/"},{"@type":"ListItem","position":2,"name":"Recuerdos hechos vino, An\u00edbal de Otero 2015"}]},{"@type":"WebSite","@id":"https:\/\/anibaldeotero.es\/de\/#website","url":"https:\/\/anibaldeotero.es\/de\/","name":"An\u00edbal de Otero","description":"Aut\u00e9ntico Vino del Bierzo","potentialAction":[{"@type":"SearchAction","target":{"@type":"EntryPoint","urlTemplate":"https:\/\/anibaldeotero.es\/de\/?s={search_term_string}"},"query-input":"required name=search_term_string"}],"inLanguage":"de"},{"@type":"Person","@id":"https:\/\/anibaldeotero.es\/de\/#\/schema\/person\/a10ffd7509d22816c9c87e91dfaeec4d","name":"Anibaldeotero","image":{"@type":"ImageObject","inLanguage":"de","@id":"https:\/\/anibaldeotero.es\/de\/#\/schema\/person\/image\/","url":"https:\/\/secure.gravatar.com\/avatar\/b5e81a10a96569c3c683ec76ceadfd1b?s=96&d=mm&r=g","contentUrl":"https:\/\/secure.gravatar.com\/avatar\/b5e81a10a96569c3c683ec76ceadfd1b?s=96&d=mm&r=g","caption":"Anibaldeotero"},"url":"https:\/\/anibaldeotero.es\/de\/author\/anibaldeotero\/"}]}},"_links":{"self":[{"href":"https:\/\/anibaldeotero.es\/de\/wp-json\/wp\/v2\/posts\/10237"}],"collection":[{"href":"https:\/\/anibaldeotero.es\/de\/wp-json\/wp\/v2\/posts"}],"about":[{"href":"https:\/\/anibaldeotero.es\/de\/wp-json\/wp\/v2\/types\/post"}],"author":[{"embeddable":true,"href":"https:\/\/anibaldeotero.es\/de\/wp-json\/wp\/v2\/users\/1"}],"replies":[{"embeddable":true,"href":"https:\/\/anibaldeotero.es\/de\/wp-json\/wp\/v2\/comments?post=10237"}],"version-history":[{"count":1,"href":"https:\/\/anibaldeotero.es\/de\/wp-json\/wp\/v2\/posts\/10237\/revisions"}],"predecessor-version":[{"id":10239,"href":"https:\/\/anibaldeotero.es\/de\/wp-json\/wp\/v2\/posts\/10237\/revisions\/10239"}],"wp:featuredmedia":[{"embeddable":true,"href":"https:\/\/anibaldeotero.es\/de\/wp-json\/wp\/v2\/media\/10238"}],"wp:attachment":[{"href":"https:\/\/anibaldeotero.es\/de\/wp-json\/wp\/v2\/media?parent=10237"}],"wp:term":[{"taxonomy":"category","embeddable":true,"href":"https:\/\/anibaldeotero.es\/de\/wp-json\/wp\/v2\/categories?post=10237"},{"taxonomy":"post_tag","embeddable":true,"href":"https:\/\/anibaldeotero.es\/de\/wp-json\/wp\/v2\/tags?post=10237"}],"curies":[{"name":"wp","href":"https:\/\/api.w.org\/{rel}","templated":true}]}}